{"id":6085,"date":"2021-04-11T16:31:19","date_gmt":"2021-04-11T14:31:19","guid":{"rendered":"http:\/\/cofab-in-bondy.fr\/?p=6085"},"modified":"2021-04-11T16:50:04","modified_gmt":"2021-04-11T14:50:04","slug":"college-jean-zay-fin-du-projet-qameleo-in-bondy","status":"publish","type":"post","link":"https:\/\/cofab-in-bondy.fr\/?p=6085","title":{"rendered":"Coll\u00e8ge Jean Zay : fin du projet \u00ab\u00a0QameleO in Bondy\u00a0\u00bb"},"content":{"rendered":"\n<p>Le mercredi 31 mars 2021, apr\u00e8s 8 semaines de travail, nous avons termin\u00e9 notre projet \u00ab\u00a0QameleO in Bondy\u00a0\u00bb avec la classe de 4\u00e8me du coll\u00e8ge Jean Zay.<\/p>\n\n\n\n<p>Lors de ces 8 s\u00e9ances, les \u00e9l\u00e8ves ont \u00e9t\u00e9 sensibilis\u00e9\u00b7e\u00b7s au d\u00e9veloppement durable et au respect de l&rsquo;environnement, ont \u00e9t\u00e9 initi\u00e9\u00b7e\u00b7s \u00e0 la programmation sur carte Arduino, et ont bien s\u00fbr particip\u00e9 \u00e0 l&rsquo;assemblage et \u00e0 la construction des stations de mesures environnementales. Pour cela iels ont eu besoin de manipuler divers outils de bricolage, de pratiquer un peu de soudure \u00e0 l&rsquo;\u00e9tain, et de se familiariser avec l&rsquo;\u00e9lectronique de pr\u00e9cision.<\/p>\n\n\n\n<p>Cette derni\u00e8re s\u00e9ance a donc conclut le projet avec la fin de l&rsquo;assemblage du boitier de mesures, un test d&rsquo;une station, un temps d&rsquo;\u00e9change sur le projet et ce qu&rsquo;il avait apport\u00e9 aux \u00e9l\u00e8ves, et enfin une sortie dans la cour du coll\u00e8ge pour trouver un emplacement ad\u00e9quat pour poser une station de mesures.<\/p>\n\n\n\n<p>Nous aurons donc l&rsquo;occasion de nous voir une derni\u00e8re fois, lors de la pose de la station qui restera dans le coll\u00e8ge. Celle-ci sera probablement pos\u00e9e apr\u00e8s les vacances d&rsquo;avril. Cela nous laisse ainsi le temps d&rsquo;avoir l&rsquo;autorisation de l&rsquo;administration du coll\u00e8ge, et notre c\u00f4t\u00e9 de param\u00e9trer et v\u00e9rifier le bon fonctionnement de la station de mesures avant son installation. A tr\u00e8s vite donc !<\/p>\n\n\n\n<figure class=\"wp-block-image size-large\"><img loading=\"lazy\" width=\"1024\" height=\"576\" src=\"https:\/\/cofab-in-bondy.fr\/wp-content\/uploads\/2021\/04\/IMG_20210331_110200_copie-1024x576.jpg\" alt=\"\" class=\"wp-image-6088\" srcset=\"https:\/\/cofab-in-bondy.fr\/wp-content\/uploads\/2021\/04\/IMG_20210331_110200_copie-1024x576.jpg 1024w, https:\/\/cofab-in-bondy.fr\/wp-content\/uploads\/2021\/04\/IMG_20210331_110200_copie-300x169.jpg 300w, https:\/\/cofab-in-bondy.fr\/wp-content\/uploads\/2021\/04\/IMG_20210331_110200_copie-768x432.jpg 768w, https:\/\/cofab-in-bondy.fr\/wp-content\/uploads\/2021\/04\/IMG_20210331_110200_copie-1536x864.jpg 1536w, https:\/\/cofab-in-bondy.fr\/wp-content\/uploads\/2021\/04\/IMG_20210331_110200_copie-2048x1152.jpg 2048w\" sizes=\"(max-width: 1024px) 100vw, 1024px\" \/><figcaption>Echange avec les \u00e9l\u00e8ves de 4\u00e8me du coll\u00e8ge Jean Zay de Bondy lors de la cl\u00f4ture du projet<\/figcaption><\/figure>\n","protected":false},"excerpt":{"rendered":"<p>Le mercredi 31 mars 2021, apr\u00e8s 8 semaines de travail, nous avons termin\u00e9 notre projet \u00ab\u00a0QameleO in Bondy\u00a0\u00bb avec la classe de 4\u00e8me du coll\u00e8ge Jean Zay. Lors de ces [&hellip;]<\/p>\n","protected":false},"author":2,"featured_media":0,"comment_status":"open","ping_status":"open","sticky":false,"template":"","format":"standard","meta":[],"categories":[1],"tags":[],"yoast_head":"<!-- This site is optimized with the Yoast SEO plugin v16.0.2 - https:\/\/yoast.com\/wordpress\/plugins\/seo\/ -->\n<title>Coll\u00e8ge Jean Zay : fin du projet &quot;QameleO in Bondy&quot; - Co-Fab in Bondy<\/title>\n<meta name=\"robots\" content=\"index, follow, max-snippet:-1, max-image-preview:large, max-video-preview:-1\" \/>\n<link rel=\"canonical\" href=\"http:\/\/cofab-in-bondy.fr\/?p=6085\" \/>\n<meta property=\"og:locale\" content=\"fr_FR\" \/>\n<meta property=\"og:type\" content=\"article\" \/>\n<meta property=\"og:title\" content=\"Coll\u00e8ge Jean Zay : fin du projet &quot;QameleO in Bondy&quot; - Co-Fab in Bondy\" \/>\n<meta property=\"og:description\" content=\"Le mercredi 31 mars 2021, apr\u00e8s 8 semaines de travail, nous avons termin\u00e9 notre projet \u00ab\u00a0QameleO in Bondy\u00a0\u00bb avec la classe de 4\u00e8me du coll\u00e8ge Jean Zay. Lors de ces [&hellip;]\" \/>\n<meta property=\"og:url\" content=\"http:\/\/cofab-in-bondy.fr\/?p=6085\" \/>\n<meta property=\"og:site_name\" content=\"Co-Fab in Bondy\" \/>\n<meta property=\"article:published_time\" content=\"2021-04-11T14:31:19+00:00\" \/>\n<meta property=\"article:modified_time\" content=\"2021-04-11T14:50:04+00:00\" \/>\n<meta property=\"og:image\" content=\"https:\/\/cofab-in-bondy.fr\/wp-content\/uploads\/2021\/04\/IMG_20210331_110200_copie-1024x576.jpg\" \/>\n<meta name=\"twitter:card\" content=\"summary_large_image\" \/>\n<meta name=\"twitter:label1\" content=\"Dur\u00e9e de lecture est.\">\n\t<meta name=\"twitter:data1\" content=\"2 minutes\">\n<script type=\"application\/ld+json\" class=\"yoast-schema-graph\">{\"@context\":\"https:\/\/schema.org\",\"@graph\":[{\"@type\":\"Organization\",\"@id\":\"https:\/\/cofab-in-bondy.fr\/#organization\",\"name\":\"cofab-in-bondy\",\"url\":\"https:\/\/cofab-in-bondy.fr\/\",\"sameAs\":[],\"logo\":{\"@type\":\"ImageObject\",\"@id\":\"https:\/\/cofab-in-bondy.fr\/#logo\",\"inLanguage\":\"fr-FR\",\"url\":\"https:\/\/cofab-in-bondy.fr\/wp-content\/uploads\/2021\/01\/co-Fab_short.png\",\"width\":90,\"height\":43,\"caption\":\"cofab-in-bondy\"},\"image\":{\"@id\":\"https:\/\/cofab-in-bondy.fr\/#logo\"}},{\"@type\":\"WebSite\",\"@id\":\"https:\/\/cofab-in-bondy.fr\/#website\",\"url\":\"https:\/\/cofab-in-bondy.fr\/\",\"name\":\"CoFab-in-Bondy\",\"description\":\"Le fablab made in Bondy !\",\"publisher\":{\"@id\":\"https:\/\/cofab-in-bondy.fr\/#organization\"},\"potentialAction\":[{\"@type\":\"SearchAction\",\"target\":\"https:\/\/cofab-in-bondy.fr\/?s={search_term_string}\",\"query-input\":\"required name=search_term_string\"}],\"inLanguage\":\"fr-FR\"},{\"@type\":\"ImageObject\",\"@id\":\"http:\/\/cofab-in-bondy.fr\/?p=6085#primaryimage\",\"inLanguage\":\"fr-FR\",\"url\":\"https:\/\/cofab-in-bondy.fr\/wp-content\/uploads\/2021\/04\/IMG_20210331_110200_copie-1024x576.jpg\"},{\"@type\":\"WebPage\",\"@id\":\"http:\/\/cofab-in-bondy.fr\/?p=6085#webpage\",\"url\":\"http:\/\/cofab-in-bondy.fr\/?p=6085\",\"name\":\"Coll\\u00e8ge Jean Zay : fin du projet \\\"QameleO in Bondy\\\" - Co-Fab in Bondy\",\"isPartOf\":{\"@id\":\"https:\/\/cofab-in-bondy.fr\/#website\"},\"primaryImageOfPage\":{\"@id\":\"http:\/\/cofab-in-bondy.fr\/?p=6085#primaryimage\"},\"datePublished\":\"2021-04-11T14:31:19+00:00\",\"dateModified\":\"2021-04-11T14:50:04+00:00\",\"breadcrumb\":{\"@id\":\"http:\/\/cofab-in-bondy.fr\/?p=6085#breadcrumb\"},\"inLanguage\":\"fr-FR\",\"potentialAction\":[{\"@type\":\"ReadAction\",\"target\":[\"http:\/\/cofab-in-bondy.fr\/?p=6085\"]}]},{\"@type\":\"BreadcrumbList\",\"@id\":\"http:\/\/cofab-in-bondy.fr\/?p=6085#breadcrumb\",\"itemListElement\":[{\"@type\":\"ListItem\",\"position\":1,\"item\":{\"@type\":\"WebPage\",\"@id\":\"https:\/\/cofab-in-bondy.fr\/\",\"url\":\"https:\/\/cofab-in-bondy.fr\/\",\"name\":\"Accueil\"}},{\"@type\":\"ListItem\",\"position\":2,\"item\":{\"@type\":\"WebPage\",\"@id\":\"http:\/\/cofab-in-bondy.fr\/?p=6085\",\"url\":\"http:\/\/cofab-in-bondy.fr\/?p=6085\",\"name\":\"Coll\\u00e8ge Jean Zay : fin du projet &#8220;QameleO in Bondy&#8221;\"}}]},{\"@type\":\"Article\",\"@id\":\"http:\/\/cofab-in-bondy.fr\/?p=6085#article\",\"isPartOf\":{\"@id\":\"http:\/\/cofab-in-bondy.fr\/?p=6085#webpage\"},\"author\":{\"@id\":\"https:\/\/cofab-in-bondy.fr\/#\/schema\/person\/22f67f0f16ce9e266c7d385d49f6879f\"},\"headline\":\"Coll\\u00e8ge Jean Zay : fin du projet \\u00ab\\u00a0QameleO in Bondy\\u00a0\\u00bb\",\"datePublished\":\"2021-04-11T14:31:19+00:00\",\"dateModified\":\"2021-04-11T14:50:04+00:00\",\"mainEntityOfPage\":{\"@id\":\"http:\/\/cofab-in-bondy.fr\/?p=6085#webpage\"},\"commentCount\":0,\"publisher\":{\"@id\":\"https:\/\/cofab-in-bondy.fr\/#organization\"},\"image\":{\"@id\":\"http:\/\/cofab-in-bondy.fr\/?p=6085#primaryimage\"},\"inLanguage\":\"fr-FR\",\"potentialAction\":[{\"@type\":\"CommentAction\",\"name\":\"Comment\",\"target\":[\"http:\/\/cofab-in-bondy.fr\/?p=6085#respond\"]}]},{\"@type\":\"Person\",\"@id\":\"https:\/\/cofab-in-bondy.fr\/#\/schema\/person\/22f67f0f16ce9e266c7d385d49f6879f\",\"name\":\"Guillian Rault\",\"image\":{\"@type\":\"ImageObject\",\"@id\":\"https:\/\/cofab-in-bondy.fr\/#personlogo\",\"inLanguage\":\"fr-FR\",\"url\":\"https:\/\/secure.gravatar.com\/avatar\/e4fd7557b8a1213cc084f686f2ee10b9?s=96&d=mm&r=g\",\"caption\":\"Guillian Rault\"}}]}<\/script>\n<!-- \/ Yoast SEO plugin. -->","_links":{"self":[{"href":"https:\/\/cofab-in-bondy.fr\/index.php?rest_route=\/wp\/v2\/posts\/6085"}],"collection":[{"href":"https:\/\/cofab-in-bondy.fr\/index.php?rest_route=\/wp\/v2\/posts"}],"about":[{"href":"https:\/\/cofab-in-bondy.fr\/index.php?rest_route=\/wp\/v2\/types\/post"}],"author":[{"embeddable":true,"href":"https:\/\/cofab-in-bondy.fr\/index.php?rest_route=\/wp\/v2\/users\/2"}],"replies":[{"embeddable":true,"href":"https:\/\/cofab-in-bondy.fr\/index.php?rest_route=%2Fwp%2Fv2%2Fcomments&post=6085"}],"version-history":[{"count":2,"href":"https:\/\/cofab-in-bondy.fr\/index.php?rest_route=\/wp\/v2\/posts\/6085\/revisions"}],"predecessor-version":[{"id":6089,"href":"https:\/\/cofab-in-bondy.fr\/index.php?rest_route=\/wp\/v2\/posts\/6085\/revisions\/6089"}],"wp:attachment":[{"href":"https:\/\/cofab-in-bondy.fr\/index.php?rest_route=%2Fwp%2Fv2%2Fmedia&parent=6085"}],"wp:term":[{"taxonomy":"category","embeddable":true,"href":"https:\/\/cofab-in-bondy.fr\/index.php?rest_route=%2Fwp%2Fv2%2Fcategories&post=6085"},{"taxonomy":"post_tag","embeddable":true,"href":"https:\/\/cofab-in-bondy.fr\/index.php?rest_route=%2Fwp%2Fv2%2Ftags&post=6085"}],"curies":[{"name":"wp","href":"https:\/\/api.w.org\/{rel}","templated":true}]}}