{"id":6025,"date":"2021-03-24T17:55:48","date_gmt":"2021-03-24T16:55:48","guid":{"rendered":"http:\/\/cofab-in-bondy.fr\/?p=6025"},"modified":"2021-03-24T18:57:55","modified_gmt":"2021-03-24T17:57:55","slug":"des-microcosmes-a-vers-de-terre","status":"publish","type":"post","link":"https:\/\/cofab-in-bondy.fr\/?p=6025","title":{"rendered":"Projet : Des microcosmes \u00e0 vers de terre"},"content":{"rendered":"\n<p>A l&rsquo;automne 2020, Jose ARAUJO, doctorant de l&rsquo;unit\u00e9 mixte de recherches IEES Paris, a men\u00e9 une exp\u00e9rimentation sur des vers de terre.<\/p>\n\n\n\n<p>Le but de cette exp\u00e9rimentation \u00e9tait de voir l&rsquo;influence de leur pr\u00e9sence dans diff\u00e9rents types de sols, sur les propri\u00e9t\u00e9s physiques, biologiques et chimiques de ces sols.<\/p>\n\n\n\n<p>Pour cela Jose a d\u00fb mettre au point lui-m\u00eame des microcosmes, c&rsquo;est-\u00e0-dire des mini-terrariums o\u00f9 il pourrait mener ses exp\u00e9riences. Pour son exp\u00e9rimentation il avait besoin d&rsquo;une cinquantaine de ces microcosmes. Il est donc venu au Cofab pour mettre au point une partie de son mat\u00e9riel. Il a \u00e9galement eu besoin du fablab manager pour des conseils, la formation \u00e0 certains outils ainsi qu&rsquo;un accompagnement dans la r\u00e9alisation de son projet.<\/p>\n\n\n\n<p>Les microcosmes en question ressemblent \u00e0 des cylindres de la taille d&rsquo;une bo\u00eete \u00e0 chaussures environ. Ce sont des tron\u00e7ons de tuyau en PVC, avec un syst\u00e8me de paroi semi-perm\u00e9able au fond du cylindre. Celle-ci doit laisser passer l&rsquo;eau lorsque les terrariums sont arros\u00e9s, mais ne doit pas laisser s&rsquo;\u00e9chapper les lombrics. C&rsquo;est cette derni\u00e8re partie qui a \u00e9t\u00e9 con\u00e7ue au fablab : ce sont des pi\u00e8ces de \u00ab\u00a0tissus\u00a0\u00bb en nylon, d\u00e9coup\u00e9es en formes de disques \u00e0 la d\u00e9coupeuse laser. Elles sont simplement tenues sur le tuyau en PVC \u00e0 l&rsquo;aide d&rsquo;\u00e9lastiques.<\/p>\n\n\n\n<figure class=\"wp-block-image size-large\"><img loading=\"lazy\" width=\"1024\" height=\"768\" src=\"http:\/\/cofab-in-bondy.fr\/wp-content\/uploads\/2021\/02\/IMG_20210217_093112-1024x768.jpg\" alt=\"\" class=\"wp-image-5391\" srcset=\"https:\/\/cofab-in-bondy.fr\/wp-content\/uploads\/2021\/02\/IMG_20210217_093112-1024x768.jpg 1024w, https:\/\/cofab-in-bondy.fr\/wp-content\/uploads\/2021\/02\/IMG_20210217_093112-300x225.jpg 300w, https:\/\/cofab-in-bondy.fr\/wp-content\/uploads\/2021\/02\/IMG_20210217_093112-768x576.jpg 768w, https:\/\/cofab-in-bondy.fr\/wp-content\/uploads\/2021\/02\/IMG_20210217_093112-1536x1152.jpg 1536w, https:\/\/cofab-in-bondy.fr\/wp-content\/uploads\/2021\/02\/IMG_20210217_093112-2048x1536.jpg 2048w, https:\/\/cofab-in-bondy.fr\/wp-content\/uploads\/2021\/02\/IMG_20210217_093112-400x300.jpg 400w\" sizes=\"(max-width: 1024px) 100vw, 1024px\" \/><\/figure>\n\n\n\n<p>Ce projet est int\u00e9ressant parce qu&rsquo;il illustre bien le type d&rsquo;utilisation des technologies low-cost que l&rsquo;on peut faire au Cofab in Bondy.<\/p>\n","protected":false},"excerpt":{"rendered":"<p>A l&rsquo;automne 2020, Jose ARAUJO, doctorant de l&rsquo;unit\u00e9 mixte de recherches IEES Paris, a men\u00e9 une exp\u00e9rimentation sur des vers de terre. Le but de cette exp\u00e9rimentation \u00e9tait de voir [&hellip;]<\/p>\n","protected":false},"author":2,"featured_media":0,"comment_status":"open","ping_status":"open","sticky":false,"template":"","format":"standard","meta":[],"categories":[1],"tags":[],"yoast_head":"<!-- This site is optimized with the Yoast SEO plugin v16.0.2 - https:\/\/yoast.com\/wordpress\/plugins\/seo\/ -->\n<title>Projet : Des microcosmes \u00e0 vers de terre - Co-Fab in Bondy<\/title>\n<meta name=\"robots\" content=\"index, follow, max-snippet:-1, max-image-preview:large, max-video-preview:-1\" \/>\n<link rel=\"canonical\" href=\"https:\/\/cofab-in-bondy.fr\/?p=6025\" \/>\n<meta property=\"og:locale\" content=\"fr_FR\" \/>\n<meta property=\"og:type\" content=\"article\" \/>\n<meta property=\"og:title\" content=\"Projet : Des microcosmes \u00e0 vers de terre - Co-Fab in Bondy\" \/>\n<meta property=\"og:description\" content=\"A l&rsquo;automne 2020, Jose ARAUJO, doctorant de l&rsquo;unit\u00e9 mixte de recherches IEES Paris, a men\u00e9 une exp\u00e9rimentation sur des vers de terre. Le but de cette exp\u00e9rimentation \u00e9tait de voir [&hellip;]\" \/>\n<meta property=\"og:url\" content=\"https:\/\/cofab-in-bondy.fr\/?p=6025\" \/>\n<meta property=\"og:site_name\" content=\"Co-Fab in Bondy\" \/>\n<meta property=\"article:published_time\" content=\"2021-03-24T16:55:48+00:00\" \/>\n<meta property=\"article:modified_time\" content=\"2021-03-24T17:57:55+00:00\" \/>\n<meta property=\"og:image\" content=\"http:\/\/cofab-in-bondy.fr\/wp-content\/uploads\/2021\/02\/IMG_20210217_093112-1024x768.jpg\" \/>\n<meta name=\"twitter:card\" content=\"summary_large_image\" \/>\n<meta name=\"twitter:label1\" content=\"Dur\u00e9e de lecture est.\">\n\t<meta name=\"twitter:data1\" content=\"2 minutes\">\n<script type=\"application\/ld+json\" class=\"yoast-schema-graph\">{\"@context\":\"https:\/\/schema.org\",\"@graph\":[{\"@type\":\"Organization\",\"@id\":\"https:\/\/cofab-in-bondy.fr\/#organization\",\"name\":\"cofab-in-bondy\",\"url\":\"https:\/\/cofab-in-bondy.fr\/\",\"sameAs\":[],\"logo\":{\"@type\":\"ImageObject\",\"@id\":\"https:\/\/cofab-in-bondy.fr\/#logo\",\"inLanguage\":\"fr-FR\",\"url\":\"https:\/\/cofab-in-bondy.fr\/wp-content\/uploads\/2021\/01\/co-Fab_short.png\",\"width\":90,\"height\":43,\"caption\":\"cofab-in-bondy\"},\"image\":{\"@id\":\"https:\/\/cofab-in-bondy.fr\/#logo\"}},{\"@type\":\"WebSite\",\"@id\":\"https:\/\/cofab-in-bondy.fr\/#website\",\"url\":\"https:\/\/cofab-in-bondy.fr\/\",\"name\":\"CoFab-in-Bondy\",\"description\":\"Le fablab made in Bondy !\",\"publisher\":{\"@id\":\"https:\/\/cofab-in-bondy.fr\/#organization\"},\"potentialAction\":[{\"@type\":\"SearchAction\",\"target\":\"https:\/\/cofab-in-bondy.fr\/?s={search_term_string}\",\"query-input\":\"required name=search_term_string\"}],\"inLanguage\":\"fr-FR\"},{\"@type\":\"ImageObject\",\"@id\":\"https:\/\/cofab-in-bondy.fr\/?p=6025#primaryimage\",\"inLanguage\":\"fr-FR\",\"url\":\"http:\/\/cofab-in-bondy.fr\/wp-content\/uploads\/2021\/02\/IMG_20210217_093112-1024x768.jpg\"},{\"@type\":\"WebPage\",\"@id\":\"https:\/\/cofab-in-bondy.fr\/?p=6025#webpage\",\"url\":\"https:\/\/cofab-in-bondy.fr\/?p=6025\",\"name\":\"Projet : Des microcosmes \\u00e0 vers de terre - Co-Fab in Bondy\",\"isPartOf\":{\"@id\":\"https:\/\/cofab-in-bondy.fr\/#website\"},\"primaryImageOfPage\":{\"@id\":\"https:\/\/cofab-in-bondy.fr\/?p=6025#primaryimage\"},\"datePublished\":\"2021-03-24T16:55:48+00:00\",\"dateModified\":\"2021-03-24T17:57:55+00:00\",\"breadcrumb\":{\"@id\":\"https:\/\/cofab-in-bondy.fr\/?p=6025#breadcrumb\"},\"inLanguage\":\"fr-FR\",\"potentialAction\":[{\"@type\":\"ReadAction\",\"target\":[\"https:\/\/cofab-in-bondy.fr\/?p=6025\"]}]},{\"@type\":\"BreadcrumbList\",\"@id\":\"https:\/\/cofab-in-bondy.fr\/?p=6025#breadcrumb\",\"itemListElement\":[{\"@type\":\"ListItem\",\"position\":1,\"item\":{\"@type\":\"WebPage\",\"@id\":\"https:\/\/cofab-in-bondy.fr\/\",\"url\":\"https:\/\/cofab-in-bondy.fr\/\",\"name\":\"Accueil\"}},{\"@type\":\"ListItem\",\"position\":2,\"item\":{\"@type\":\"WebPage\",\"@id\":\"https:\/\/cofab-in-bondy.fr\/?p=6025\",\"url\":\"https:\/\/cofab-in-bondy.fr\/?p=6025\",\"name\":\"Projet : Des microcosmes \\u00e0 vers de terre\"}}]},{\"@type\":\"Article\",\"@id\":\"https:\/\/cofab-in-bondy.fr\/?p=6025#article\",\"isPartOf\":{\"@id\":\"https:\/\/cofab-in-bondy.fr\/?p=6025#webpage\"},\"author\":{\"@id\":\"https:\/\/cofab-in-bondy.fr\/#\/schema\/person\/22f67f0f16ce9e266c7d385d49f6879f\"},\"headline\":\"Projet : Des microcosmes \\u00e0 vers de terre\",\"datePublished\":\"2021-03-24T16:55:48+00:00\",\"dateModified\":\"2021-03-24T17:57:55+00:00\",\"mainEntityOfPage\":{\"@id\":\"https:\/\/cofab-in-bondy.fr\/?p=6025#webpage\"},\"commentCount\":0,\"publisher\":{\"@id\":\"https:\/\/cofab-in-bondy.fr\/#organization\"},\"image\":{\"@id\":\"https:\/\/cofab-in-bondy.fr\/?p=6025#primaryimage\"},\"inLanguage\":\"fr-FR\",\"potentialAction\":[{\"@type\":\"CommentAction\",\"name\":\"Comment\",\"target\":[\"https:\/\/cofab-in-bondy.fr\/?p=6025#respond\"]}]},{\"@type\":\"Person\",\"@id\":\"https:\/\/cofab-in-bondy.fr\/#\/schema\/person\/22f67f0f16ce9e266c7d385d49f6879f\",\"name\":\"Guillian Rault\",\"image\":{\"@type\":\"ImageObject\",\"@id\":\"https:\/\/cofab-in-bondy.fr\/#personlogo\",\"inLanguage\":\"fr-FR\",\"url\":\"https:\/\/secure.gravatar.com\/avatar\/e4fd7557b8a1213cc084f686f2ee10b9?s=96&d=mm&r=g\",\"caption\":\"Guillian Rault\"}}]}<\/script>\n<!-- \/ Yoast SEO plugin. -->","_links":{"self":[{"href":"https:\/\/cofab-in-bondy.fr\/index.php?rest_route=\/wp\/v2\/posts\/6025"}],"collection":[{"href":"https:\/\/cofab-in-bondy.fr\/index.php?rest_route=\/wp\/v2\/posts"}],"about":[{"href":"https:\/\/cofab-in-bondy.fr\/index.php?rest_route=\/wp\/v2\/types\/post"}],"author":[{"embeddable":true,"href":"https:\/\/cofab-in-bondy.fr\/index.php?rest_route=\/wp\/v2\/users\/2"}],"replies":[{"embeddable":true,"href":"https:\/\/cofab-in-bondy.fr\/index.php?rest_route=%2Fwp%2Fv2%2Fcomments&post=6025"}],"version-history":[{"count":3,"href":"https:\/\/cofab-in-bondy.fr\/index.php?rest_route=\/wp\/v2\/posts\/6025\/revisions"}],"predecessor-version":[{"id":6050,"href":"https:\/\/cofab-in-bondy.fr\/index.php?rest_route=\/wp\/v2\/posts\/6025\/revisions\/6050"}],"wp:attachment":[{"href":"https:\/\/cofab-in-bondy.fr\/index.php?rest_route=%2Fwp%2Fv2%2Fmedia&parent=6025"}],"wp:term":[{"taxonomy":"category","embeddable":true,"href":"https:\/\/cofab-in-bondy.fr\/index.php?rest_route=%2Fwp%2Fv2%2Fcategories&post=6025"},{"taxonomy":"post_tag","embeddable":true,"href":"https:\/\/cofab-in-bondy.fr\/index.php?rest_route=%2Fwp%2Fv2%2Ftags&post=6025"}],"curies":[{"name":"wp","href":"https:\/\/api.w.org\/{rel}","templated":true}]}}