{"id":6016,"date":"2021-03-24T17:42:46","date_gmt":"2021-03-24T16:42:46","guid":{"rendered":"http:\/\/cofab-in-bondy.fr\/?p=6016"},"modified":"2021-03-24T18:58:31","modified_gmt":"2021-03-24T17:58:31","slug":"intervention-en-classe-de-cm2-du-18-09-2020","status":"publish","type":"post","link":"https:\/\/cofab-in-bondy.fr\/?p=6016","title":{"rendered":"Journ\u00e9e qualit\u00e9 de l&rsquo;air 2020"},"content":{"rendered":"\n<p>Le 18 septembre 2020, \u00e0 l&rsquo;occasion de la <strong>journ\u00e9e mondiale de la qualit\u00e9 de l&rsquo;air<\/strong> et des <strong>semaines europ\u00e9ennes du d\u00e9veloppement durable<\/strong>, le fablab manager est intervenu en classe de CM2 \u00e0 l&rsquo;<strong>\u00e9cole Aim\u00e9 C\u00e9saire \u00e0 Bondy<\/strong>. Cela s&rsquo;est fait sur une initiative commune du <strong>LAB3S<\/strong> et du <strong>Cofab in Bondy<\/strong>, avec un programme construit en coop\u00e9ration. <\/p>\n\n\n\n<figure class=\"wp-block-image size-large\"><img loading=\"lazy\" width=\"750\" height=\"386\" src=\"https:\/\/cofab-in-bondy.fr\/wp-content\/uploads\/2021\/03\/Semaine_Europeenne_du_Developpement_Durable_750_740124.png\" alt=\"\" class=\"wp-image-6035\" srcset=\"https:\/\/cofab-in-bondy.fr\/wp-content\/uploads\/2021\/03\/Semaine_Europeenne_du_Developpement_Durable_750_740124.png 750w, https:\/\/cofab-in-bondy.fr\/wp-content\/uploads\/2021\/03\/Semaine_Europeenne_du_Developpement_Durable_750_740124-300x154.png 300w\" sizes=\"(max-width: 750px) 100vw, 750px\" \/><\/figure>\n\n\n\n<figure class=\"wp-block-image size-large\"><img loading=\"lazy\" width=\"1024\" height=\"640\" src=\"https:\/\/cofab-in-bondy.fr\/wp-content\/uploads\/2021\/03\/jnqa_2020_VF-1024x640.jpg\" alt=\"\" class=\"wp-image-6037\" srcset=\"https:\/\/cofab-in-bondy.fr\/wp-content\/uploads\/2021\/03\/jnqa_2020_VF-1024x640.jpg 1024w, https:\/\/cofab-in-bondy.fr\/wp-content\/uploads\/2021\/03\/jnqa_2020_VF-300x188.jpg 300w, https:\/\/cofab-in-bondy.fr\/wp-content\/uploads\/2021\/03\/jnqa_2020_VF-768x480.jpg 768w, https:\/\/cofab-in-bondy.fr\/wp-content\/uploads\/2021\/03\/jnqa_2020_VF.jpg 1120w\" sizes=\"(max-width: 1024px) 100vw, 1024px\" \/><\/figure>\n\n\n\n<p>Il a donc pr\u00e9sent\u00e9 ces deux \u00e9v\u00e8nements aux \u00e9l\u00e8ves, les a fait participer \u00e0 un atelier de sensibilisation aux probl\u00e9matiques du d\u00e9veloppement durable et de la qualit\u00e9 de l&rsquo;air. La s\u00e9ance s&rsquo;est termin\u00e9e sur le montage de stations m\u00e9t\u00e9o miniatures, et une sensibilisation aux \u00e9nergies renouvelables, qui sont un exemple d&rsquo;objectif du d\u00e9veloppement durable en lien avec la qualit\u00e9 de l&rsquo;air.<\/p>\n\n\n\n<p>Ci-dessous vous pouvez retrouver les supports utilis\u00e9s lors de cette intervention :<\/p>\n\n\n\n<div class=\"wp-block-file\"><a href=\"https:\/\/cofab-in-bondy.fr\/wp-content\/uploads\/2021\/03\/Diapo_ecole_DD.pdf\">Diapo_\u00e9cole_DD<\/a><a href=\"https:\/\/cofab-in-bondy.fr\/wp-content\/uploads\/2021\/03\/Diapo_ecole_DD.pdf\" class=\"wp-block-file__button\" download>T\u00e9l\u00e9charger<\/a><\/div>\n\n\n\n<div class=\"wp-block-file\"><a href=\"https:\/\/cofab-in-bondy.fr\/wp-content\/uploads\/2021\/03\/Fiche_activite_DD.pdf\">Fiche_activit\u00e9_DD<\/a><a href=\"https:\/\/cofab-in-bondy.fr\/wp-content\/uploads\/2021\/03\/Fiche_activite_DD.pdf\" class=\"wp-block-file__button\" download>T\u00e9l\u00e9charger<\/a><\/div>\n\n\n\n<p><\/p>\n","protected":false},"excerpt":{"rendered":"<p>Le 18 septembre 2020, \u00e0 l&rsquo;occasion de la journ\u00e9e mondiale de la qualit\u00e9 de l&rsquo;air et des semaines europ\u00e9ennes du d\u00e9veloppement durable, le fablab manager est intervenu en classe de [&hellip;]<\/p>\n","protected":false},"author":2,"featured_media":0,"comment_status":"open","ping_status":"open","sticky":false,"template":"","format":"standard","meta":[],"categories":[1],"tags":[],"yoast_head":"<!-- This site is optimized with the Yoast SEO plugin v16.0.2 - https:\/\/yoast.com\/wordpress\/plugins\/seo\/ -->\n<title>Journ\u00e9e qualit\u00e9 de l&#039;air 2020 - Co-Fab in Bondy<\/title>\n<meta name=\"robots\" content=\"index, follow, max-snippet:-1, max-image-preview:large, max-video-preview:-1\" \/>\n<link rel=\"canonical\" href=\"http:\/\/cofab-in-bondy.fr\/?p=6016\" \/>\n<meta property=\"og:locale\" content=\"fr_FR\" \/>\n<meta property=\"og:type\" content=\"article\" \/>\n<meta property=\"og:title\" content=\"Journ\u00e9e qualit\u00e9 de l&#039;air 2020 - Co-Fab in Bondy\" \/>\n<meta property=\"og:description\" content=\"Le 18 septembre 2020, \u00e0 l&rsquo;occasion de la journ\u00e9e mondiale de la qualit\u00e9 de l&rsquo;air et des semaines europ\u00e9ennes du d\u00e9veloppement durable, le fablab manager est intervenu en classe de [&hellip;]\" \/>\n<meta property=\"og:url\" content=\"http:\/\/cofab-in-bondy.fr\/?p=6016\" \/>\n<meta property=\"og:site_name\" content=\"Co-Fab in Bondy\" \/>\n<meta property=\"article:published_time\" content=\"2021-03-24T16:42:46+00:00\" \/>\n<meta property=\"article:modified_time\" content=\"2021-03-24T17:58:31+00:00\" \/>\n<meta property=\"og:image\" content=\"https:\/\/cofab-in-bondy.fr\/wp-content\/uploads\/2021\/03\/Semaine_Europeenne_du_Developpement_Durable_750_740124.png\" \/>\n<meta name=\"twitter:card\" content=\"summary_large_image\" \/>\n<meta name=\"twitter:label1\" content=\"Dur\u00e9e de lecture est.\">\n\t<meta name=\"twitter:data1\" content=\"1 minute\">\n<script type=\"application\/ld+json\" class=\"yoast-schema-graph\">{\"@context\":\"https:\/\/schema.org\",\"@graph\":[{\"@type\":\"Organization\",\"@id\":\"https:\/\/cofab-in-bondy.fr\/#organization\",\"name\":\"cofab-in-bondy\",\"url\":\"https:\/\/cofab-in-bondy.fr\/\",\"sameAs\":[],\"logo\":{\"@type\":\"ImageObject\",\"@id\":\"https:\/\/cofab-in-bondy.fr\/#logo\",\"inLanguage\":\"fr-FR\",\"url\":\"https:\/\/cofab-in-bondy.fr\/wp-content\/uploads\/2021\/01\/co-Fab_short.png\",\"width\":90,\"height\":43,\"caption\":\"cofab-in-bondy\"},\"image\":{\"@id\":\"https:\/\/cofab-in-bondy.fr\/#logo\"}},{\"@type\":\"WebSite\",\"@id\":\"https:\/\/cofab-in-bondy.fr\/#website\",\"url\":\"https:\/\/cofab-in-bondy.fr\/\",\"name\":\"CoFab-in-Bondy\",\"description\":\"Le fablab made in Bondy !\",\"publisher\":{\"@id\":\"https:\/\/cofab-in-bondy.fr\/#organization\"},\"potentialAction\":[{\"@type\":\"SearchAction\",\"target\":\"https:\/\/cofab-in-bondy.fr\/?s={search_term_string}\",\"query-input\":\"required name=search_term_string\"}],\"inLanguage\":\"fr-FR\"},{\"@type\":\"ImageObject\",\"@id\":\"http:\/\/cofab-in-bondy.fr\/?p=6016#primaryimage\",\"inLanguage\":\"fr-FR\",\"url\":\"https:\/\/cofab-in-bondy.fr\/wp-content\/uploads\/2021\/03\/Semaine_Europeenne_du_Developpement_Durable_750_740124.png\"},{\"@type\":\"WebPage\",\"@id\":\"http:\/\/cofab-in-bondy.fr\/?p=6016#webpage\",\"url\":\"http:\/\/cofab-in-bondy.fr\/?p=6016\",\"name\":\"Journ\\u00e9e qualit\\u00e9 de l'air 2020 - Co-Fab in Bondy\",\"isPartOf\":{\"@id\":\"https:\/\/cofab-in-bondy.fr\/#website\"},\"primaryImageOfPage\":{\"@id\":\"http:\/\/cofab-in-bondy.fr\/?p=6016#primaryimage\"},\"datePublished\":\"2021-03-24T16:42:46+00:00\",\"dateModified\":\"2021-03-24T17:58:31+00:00\",\"breadcrumb\":{\"@id\":\"http:\/\/cofab-in-bondy.fr\/?p=6016#breadcrumb\"},\"inLanguage\":\"fr-FR\",\"potentialAction\":[{\"@type\":\"ReadAction\",\"target\":[\"http:\/\/cofab-in-bondy.fr\/?p=6016\"]}]},{\"@type\":\"BreadcrumbList\",\"@id\":\"http:\/\/cofab-in-bondy.fr\/?p=6016#breadcrumb\",\"itemListElement\":[{\"@type\":\"ListItem\",\"position\":1,\"item\":{\"@type\":\"WebPage\",\"@id\":\"https:\/\/cofab-in-bondy.fr\/\",\"url\":\"https:\/\/cofab-in-bondy.fr\/\",\"name\":\"Accueil\"}},{\"@type\":\"ListItem\",\"position\":2,\"item\":{\"@type\":\"WebPage\",\"@id\":\"http:\/\/cofab-in-bondy.fr\/?p=6016\",\"url\":\"http:\/\/cofab-in-bondy.fr\/?p=6016\",\"name\":\"Journ\\u00e9e qualit\\u00e9 de l&#8217;air 2020\"}}]},{\"@type\":\"Article\",\"@id\":\"http:\/\/cofab-in-bondy.fr\/?p=6016#article\",\"isPartOf\":{\"@id\":\"http:\/\/cofab-in-bondy.fr\/?p=6016#webpage\"},\"author\":{\"@id\":\"https:\/\/cofab-in-bondy.fr\/#\/schema\/person\/22f67f0f16ce9e266c7d385d49f6879f\"},\"headline\":\"Journ\\u00e9e qualit\\u00e9 de l&rsquo;air 2020\",\"datePublished\":\"2021-03-24T16:42:46+00:00\",\"dateModified\":\"2021-03-24T17:58:31+00:00\",\"mainEntityOfPage\":{\"@id\":\"http:\/\/cofab-in-bondy.fr\/?p=6016#webpage\"},\"commentCount\":0,\"publisher\":{\"@id\":\"https:\/\/cofab-in-bondy.fr\/#organization\"},\"image\":{\"@id\":\"http:\/\/cofab-in-bondy.fr\/?p=6016#primaryimage\"},\"inLanguage\":\"fr-FR\",\"potentialAction\":[{\"@type\":\"CommentAction\",\"name\":\"Comment\",\"target\":[\"http:\/\/cofab-in-bondy.fr\/?p=6016#respond\"]}]},{\"@type\":\"Person\",\"@id\":\"https:\/\/cofab-in-bondy.fr\/#\/schema\/person\/22f67f0f16ce9e266c7d385d49f6879f\",\"name\":\"Guillian Rault\",\"image\":{\"@type\":\"ImageObject\",\"@id\":\"https:\/\/cofab-in-bondy.fr\/#personlogo\",\"inLanguage\":\"fr-FR\",\"url\":\"https:\/\/secure.gravatar.com\/avatar\/e4fd7557b8a1213cc084f686f2ee10b9?s=96&d=mm&r=g\",\"caption\":\"Guillian Rault\"}}]}<\/script>\n<!-- \/ Yoast SEO plugin. -->","_links":{"self":[{"href":"https:\/\/cofab-in-bondy.fr\/index.php?rest_route=\/wp\/v2\/posts\/6016"}],"collection":[{"href":"https:\/\/cofab-in-bondy.fr\/index.php?rest_route=\/wp\/v2\/posts"}],"about":[{"href":"https:\/\/cofab-in-bondy.fr\/index.php?rest_route=\/wp\/v2\/types\/post"}],"author":[{"embeddable":true,"href":"https:\/\/cofab-in-bondy.fr\/index.php?rest_route=\/wp\/v2\/users\/2"}],"replies":[{"embeddable":true,"href":"https:\/\/cofab-in-bondy.fr\/index.php?rest_route=%2Fwp%2Fv2%2Fcomments&post=6016"}],"version-history":[{"count":6,"href":"https:\/\/cofab-in-bondy.fr\/index.php?rest_route=\/wp\/v2\/posts\/6016\/revisions"}],"predecessor-version":[{"id":6051,"href":"https:\/\/cofab-in-bondy.fr\/index.php?rest_route=\/wp\/v2\/posts\/6016\/revisions\/6051"}],"wp:attachment":[{"href":"https:\/\/cofab-in-bondy.fr\/index.php?rest_route=%2Fwp%2Fv2%2Fmedia&parent=6016"}],"wp:term":[{"taxonomy":"category","embeddable":true,"href":"https:\/\/cofab-in-bondy.fr\/index.php?rest_route=%2Fwp%2Fv2%2Fcategories&post=6016"},{"taxonomy":"post_tag","embeddable":true,"href":"https:\/\/cofab-in-bondy.fr\/index.php?rest_route=%2Fwp%2Fv2%2Ftags&post=6016"}],"curies":[{"name":"wp","href":"https:\/\/api.w.org\/{rel}","templated":true}]}}